{"id":553,"date":"2020-08-10T16:37:47","date_gmt":"2020-08-10T14:37:47","guid":{"rendered":"https:\/\/www.montrejeau-pyrenees.fr\/fr\/?p=553"},"modified":"2020-08-12T11:22:00","modified_gmt":"2020-08-12T09:22:00","slug":"echangeur-n17-de-lautoroute-a64","status":"publish","type":"post","link":"https:\/\/www.montrejeau-pyrenees.fr\/en\/echangeur-n17-de-lautoroute-a64\/","title":{"rendered":"Acc\u00e8s Autoroute: l&#8217;association ADAM interpelle les \u00e9lus"},"content":{"rendered":"\n<p>Message \u00e0 l\u2019attention des \u00e9lus et responsables de notre territoire.<\/p>\n\n\n\n<p><strong>Objet&nbsp;:<\/strong><\/p>\n\n\n\n<ul class=\"wp-block-list\"><li>Demande de modification du demi-\u00e9changeur sortie Montr\u00e9jeau n\u00b017 de l\u2019autoroute A64<\/li><li>Travaux sur le pont de pierre en \u00e9t\u00e9 2021<\/li><\/ul>\n\n\n\n<p>Mesdames, Messieurs,<\/p>\n\n\n\n<p>Notre association, au demeurant apolitique, a pour but entre autres de d\u00e9fendre les int\u00e9r\u00eats de la ville de Montr\u00e9jeau et plus largement de son territoire. C\u2019est \u00e0 ce titre que nous nous permettons de vous faire part de nos inqui\u00e9tudes concernant les d\u00e9r\u00e8glements de la circulation qui auront lieu \u00e0 cause des travaux d\u2019entretien du pont sur la Garonne entre Montr\u00e9jeau et Gourdan-Polignan.&nbsp;<\/p>\n\n\n\n<p>Ces travaux, pr\u00e9vus pour l\u2019\u00e9t\u00e9 2021 vont fortement perturber les d\u00e9placements entre les deux rives de la Garonne et se rajouter aux nuisances d\u00e9j\u00e0 existantes&nbsp;induites par le&nbsp;demi-\u00e9changeur&nbsp;autoroutier.&nbsp;Ne serait-il pas opportun de profiter de cette r\u00e9novation pour enfin modifier l\u2019\u00e9changeur de la sortie Montr\u00e9jeau n\u00b017 de l\u2019autoroute A64&nbsp;?<\/p>\n\n\n\n<p>La ville de Montr\u00e9jeau, son ancien canton, et plus g\u00e9n\u00e9ralement toutes les communes \u00e0 l\u2019ouest de Saint-Gaudens, ainsi que les communes voisines des Hautes-Pyr\u00e9n\u00e9es, subissent les pr\u00e9judices de ce demi-\u00e9changeur. Depuis plus de dix ans, ces probl\u00e8mes ont \u00e9t\u00e9 maintes fois rapport\u00e9s au Conseil d\u00e9partemental. Aujourd\u2019hui nous allons devoir y rajouter les difficult\u00e9s de circulation dues aux travaux sur le pont de pierre, qui vont mettre encore plus en \u00e9vidence l\u2019absolue n\u00e9cessit\u00e9 d\u2019am\u00e9nagement de ce demi-\u00e9changeur.&nbsp;<\/p>\n\n\n\n<p>Comme vous le savez, il est impossible de se d\u00e9placer depuis l\u2019ex RN117 vers l\u2019Espagne ou Luchon par cette bretelle, mais aucune sortie n\u2019est \u00e9galement possible depuis la bretelle en arrivant du Bazert. Les v\u00e9hicules en provenance d\u2019Espagne ou de Bagn\u00e8res-de-Luchon vont tous prendre la bretelle pour \u00e9viter l\u2019engorgement des travaux sur le pont, mais se faisant ils ne pourront en sortir sauf \u00e0 franchir le p\u00e9age d\u2019acc\u00e8s \u00e0 l\u2019A64. La zone d\u2019activit\u00e9 de l\u2019intercommunalit\u00e9 des 5C \u00e0 Ponlat priv\u00e9e d\u2019acc\u00e8s direct depuis la bretelle et les commer\u00e7ants montr\u00e9jeaulais subissent d\u00e9j\u00e0 les d\u00e9sagr\u00e9ments de cette situation. Avec les travaux ils vont s\u2019accentuer.&nbsp;<\/p>\n\n\n\n<p>Les mouvements entre Montr\u00e9jeau et Gourdan-Polignan sont toujours plus nombreux, cette seule interface g\u00e9ographique qu\u2019est le pont actuel doit \u00eatre&nbsp;compl\u00e9t\u00e9e&nbsp;par la modification du demi-\u00e9changeur pour faciliter les \u00e9changes \u00e9conomiques et culturels entre les deux rives. La gare SNCF et un centre commercial important se trouvent \u00e0 Gourdan-Polignan, les finances publiques, la maison de sant\u00e9, les laboratoires d\u2019analyses m\u00e9dicales et une multitude de services sont \u00e0 Montr\u00e9jeau (assurances, banques etc..) ainsi que deux autres centres commerciaux et le cin\u00e9ma.&nbsp;<\/p>\n\n\n\n<p>Le march\u00e9 hebdomadaire du lundi de Montr\u00e9jeau va \u00e9galement souffrir. Il vient d\u2019\u00eatre rudement touch\u00e9 par la pand\u00e9mie du Covid-19, comme les autres secteurs \u00e9conomiques de notre r\u00e9gion il est en situation de pr\u00e9carit\u00e9, ne lui faisons pas subir une nouvelle baisse de fr\u00e9quentation durant l\u2019\u00e9t\u00e9 2021.&nbsp;<\/p>\n\n\n\n<p>Nous sommes \u00e9galement pr\u00e9occup\u00e9s par les probl\u00e8mes de s\u00e9curit\u00e9. Les sapeurs-pompiers sont bas\u00e9s \u00e0 Montr\u00e9jeau, la maison de sant\u00e9 nouvellement ouverte aussi. Que se passera-t-il si les intervenants sont bloqu\u00e9s dans les embouteillages d\u2019une circulation altern\u00e9e. L\u2019avenue de Luchon cot\u00e9 Montr\u00e9jeau est \u00e9troite, la circulation y sera tr\u00e8s difficile, il est de notre devoir de vous alerter sur ce point, car \u00e0 certaines heures un d\u00e9tour sera obligatoire pour changer de rive.<\/p>\n\n\n\n<p>En septembre, apr\u00e8s la fin des travaux, d\u2019autres d\u00e9placements vont perdurer&nbsp;;<\/p>\n\n\n\n<p>A l\u2019issue des travaux sur le pont l\u2019intensit\u00e9 des flux continuera \u00e0 poser des probl\u00e8mes, le coll\u00e8ge \u00e0 Montr\u00e9jeau, le lyc\u00e9e \u00e0 Gourdan-Polignan multiplient les transports scolaires tout comme les transports de toute nature. Ce pont est le point central d\u2019\u00e9change du r\u00e9seau de transport, les autres acc\u00e8s imm\u00e9diats sont les&nbsp;ponts de Saint-Laurent-de-Neste, de Clarac ou de Labroqu\u00e8re, aucun n\u2019est adapt\u00e9 \u00e0 une circulation soutenue, ou passer par Valentine qui est \u00e0 15 km, soit 30 km d\u2019un A\/R inutile.&nbsp;&nbsp;D\u00e9sengorgeons-le en modifiant le demi-\u00e9changeur qui est une absurdit\u00e9 au regard des besoins de notre territoire et de sa population. Au lieu d\u2019ouvrir les espaces et de faciliter les \u00e9changes ce demi-\u00e9changeur les r\u00e9duit.&nbsp;<\/p>\n\n\n\n<p>Ces consid\u00e9rations sont en plus sous-tendues par une r\u00e9alit\u00e9 sociale et \u00e9conomique. Montr\u00e9jeau et Gourdan-Polignan constituent une entit\u00e9 de vie qui partage des infrastructures et des lieux culturels. La r\u00e9alisation de la passerelle entre les deux communes inaugur\u00e9es en septembre en est le reflet flagrant.&nbsp;<\/p>\n\n\n\n<p>Nos deux communes sont tourn\u00e9es vers le sud&nbsp;: la vall\u00e9e de Luchon et l\u2019Espagne, malheureusement le d\u00e9coupage territorial ignore cette r\u00e9alit\u00e9.<\/p>\n\n\n\n<p>En r\u00e9sum\u00e9, Mesdames, Messieurs, la transformation du demi-\u00e9changeur n*17 en \u00e9changeur plein permettrait, pour le long terme, de meilleures liaisons routi\u00e8res en p\u00e9riph\u00e9rie de Montr\u00e9jeau-Gourdan Polignan, mais aussi \u00e0 court terme, pendant les travaux \u00e0 venir sur le pont de pierre, une excellente solution alternative \u00e0 la travers\u00e9e de la Garonne par la libre utilisation de la bretelle autorouti\u00e8re.&nbsp;&nbsp;Les membres de l\u2019association ont l\u2019honneur de vous solliciter pour r\u00e9clamer l\u2019am\u00e9nagement d\u2019un rond-point \u00e0 la sortie Montr\u00e9jeau n\u00b017, pour que toutes les mesures soient prises afin d\u2019\u00e9viter tous les d\u00e9sagr\u00e9ments pr\u00e9sents et \u00e0 venir, pour faciliter la mobilit\u00e9, r\u00e9duire les nuisances, assurer la s\u00e9curit\u00e9 de la population, et soutenir le d\u00e9veloppement \u00e9conomique.<\/p>\n\n\n\n<p>Ps&nbsp;: Cette note a fait l\u2019objet d\u2019un courrier adress\u00e9 au Pr\u00e9sident du Conseil D\u00e9partemental.<\/p>\n","protected":false},"excerpt":{"rendered":"<p>Message \u00e0 l\u2019attention des \u00e9lus et responsables de notre territoire. Objet&nbsp;: Demande de modification du demi-\u00e9changeur sortie Montr\u00e9jeau n\u00b017 de l\u2019autoroute A64 Travaux sur le pont de pierre en \u00e9t\u00e9 2021 Mesdames, Messieurs, Notre association, au demeurant apolitique, a pour but entre autres de d\u00e9fendre les int\u00e9r\u00eats de la ville de Montr\u00e9jeau et plus largement &hellip; <\/p>\n<p class=\"read-more\"><a class=\"btn btn-default\" href=\"https:\/\/www.montrejeau-pyrenees.fr\/en\/echangeur-n17-de-lautoroute-a64\/\"> Read More<span class=\"screen-reader-text\">  Read More<\/span><\/a><\/p>\n","protected":false},"author":6,"featured_media":0,"comment_status":"open","ping_status":"open","sticky":false,"template":"","format":"standard","meta":{"_exactmetrics_skip_tracking":false,"_exactmetrics_sitenote_active":false,"_exactmetrics_sitenote_note":"","_exactmetrics_sitenote_category":0,"footnotes":""},"categories":[7],"tags":[],"class_list":["post-553","post","type-post","status-publish","format-standard","hentry","category-actualites-dans-le-sud-du-comminges"],"_links":{"self":[{"href":"https:\/\/www.montrejeau-pyrenees.fr\/en\/wp-json\/wp\/v2\/posts\/553","targetHints":{"allow":["GET"]}}],"collection":[{"href":"https:\/\/www.montrejeau-pyrenees.fr\/en\/wp-json\/wp\/v2\/posts"}],"about":[{"href":"https:\/\/www.montrejeau-pyrenees.fr\/en\/wp-json\/wp\/v2\/types\/post"}],"author":[{"embeddable":true,"href":"https:\/\/www.montrejeau-pyrenees.fr\/en\/wp-json\/wp\/v2\/users\/6"}],"replies":[{"embeddable":true,"href":"https:\/\/www.montrejeau-pyrenees.fr\/en\/wp-json\/wp\/v2\/comments?post=553"}],"version-history":[{"count":2,"href":"https:\/\/www.montrejeau-pyrenees.fr\/en\/wp-json\/wp\/v2\/posts\/553\/revisions"}],"predecessor-version":[{"id":559,"href":"https:\/\/www.montrejeau-pyrenees.fr\/en\/wp-json\/wp\/v2\/posts\/553\/revisions\/559"}],"wp:attachment":[{"href":"https:\/\/www.montrejeau-pyrenees.fr\/en\/wp-json\/wp\/v2\/media?parent=553"}],"wp:term":[{"taxonomy":"category","embeddable":true,"href":"https:\/\/www.montrejeau-pyrenees.fr\/en\/wp-json\/wp\/v2\/categories?post=553"},{"taxonomy":"post_tag","embeddable":true,"href":"https:\/\/www.montrejeau-pyrenees.fr\/en\/wp-json\/wp\/v2\/tags?post=553"}],"curies":[{"name":"wp","href":"https:\/\/api.w.org\/{rel}","templated":true}]}}