{"id":636,"date":"2022-07-27T23:05:42","date_gmt":"2022-07-27T21:05:42","guid":{"rendered":"https:\/\/www.montrejeau-pyrenees.fr\/fr\/?p=636"},"modified":"2022-07-27T23:05:43","modified_gmt":"2022-07-27T21:05:43","slug":"exposition-montrejeau","status":"publish","type":"post","link":"https:\/\/www.montrejeau-pyrenees.fr\/en\/exposition-montrejeau\/","title":{"rendered":"EXPOSITION MONTREJEAU"},"content":{"rendered":"\n<p><strong>&nbsp;&nbsp;&nbsp;&nbsp;&nbsp;&nbsp;&nbsp;Exposition sur l\u2019Histoire de Montr\u00e9jeau<\/strong><\/p>\n\n\n\n<p><strong>Ouverte depuis le 1<sup>er<\/sup>&nbsp;juillet, l\u2019exposition sur l\u2019histoire des 750 ans de Montr\u00e9jeau attire toujours autant de monde. Une histoire passionnante qui au fil du temps s\u2019int\u00e8gre souvent \u00e0 l\u2019histoire de France. Depuis le moyen-\u00e2ge, notre cit\u00e9, bien que modeste par sa taille, a dispos\u00e9 d\u2019un patrimoine architectural int\u00e9ressant et a vu naitre des hommes et des femmes&nbsp;: po\u00e8tes, militaires et politiques qui ont particip\u00e9 \u00e0 cette histoire.<\/strong><\/p>\n\n\n\n<p><strong>Vous avez jusqu\u2019au 31 ao\u00fbt pour aller la voir ou la revoir \u00e0 la salle Marquerie de l\u2019H\u00f4tel de Lassus, ouverte du lundi au vendredi de 9h30 \u00e0 12h30 et de 14h \u00e0 17h30.<\/strong><\/p>\n\n\n\n<p><strong>Devant le succ\u00e8s de cette manifestation, et les demandes pressantes des premiers visiteurs de disposer d\u2019une plaquette souvenir, il a \u00e9t\u00e9 d\u00e9cid\u00e9 de faire imprimer le fascicule de cette exposition, disponible sur le lieu de l\u2019exposition au prix de 5 euros. Les b\u00e9n\u00e9fices \u00e9ventuels de cette vente iront aux \u0153uvres sociales de la ville.<\/strong><\/p>\n\n\n\n<figure class=\"wp-block-image size-large\"><img loading=\"lazy\" decoding=\"async\" width=\"724\" height=\"1024\" src=\"https:\/\/www.montrejeau-pyrenees.fr\/wp-content\/uploads\/2022\/07\/750-ans-1-724x1024.jpg\" alt=\"\" class=\"wp-image-638\" srcset=\"https:\/\/www.montrejeau-pyrenees.fr\/wp-content\/uploads\/2022\/07\/750-ans-1-724x1024.jpg 724w, https:\/\/www.montrejeau-pyrenees.fr\/wp-content\/uploads\/2022\/07\/750-ans-1-212x300.jpg 212w, https:\/\/www.montrejeau-pyrenees.fr\/wp-content\/uploads\/2022\/07\/750-ans-1-768x1086.jpg 768w, https:\/\/www.montrejeau-pyrenees.fr\/wp-content\/uploads\/2022\/07\/750-ans-1-1086x1536.jpg 1086w, https:\/\/www.montrejeau-pyrenees.fr\/wp-content\/uploads\/2022\/07\/750-ans-1-1448x2048.jpg 1448w, https:\/\/www.montrejeau-pyrenees.fr\/wp-content\/uploads\/2022\/07\/750-ans-1-191x270.jpg 191w, https:\/\/www.montrejeau-pyrenees.fr\/wp-content\/uploads\/2022\/07\/750-ans-1.jpg 1587w\" sizes=\"auto, (max-width: 724px) 100vw, 724px\" \/><\/figure>\n\n\n\n<p><\/p>\n\n\n\n<h2 class=\"wp-block-heading\"><\/h2>\n","protected":false},"excerpt":{"rendered":"<p>&nbsp;&nbsp;&nbsp;&nbsp;&nbsp;&nbsp;&nbsp;Exposition sur l\u2019Histoire de Montr\u00e9jeau Ouverte depuis le 1er&nbsp;juillet, l\u2019exposition sur l\u2019histoire des 750 ans de Montr\u00e9jeau attire toujours autant de monde. Une histoire passionnante qui au fil du temps s\u2019int\u00e8gre souvent \u00e0 l\u2019histoire de France. Depuis le moyen-\u00e2ge, notre cit\u00e9, bien que modeste par sa taille, a dispos\u00e9 d\u2019un patrimoine architectural int\u00e9ressant et a &hellip; <\/p>\n<p class=\"read-more\"><a class=\"btn btn-default\" href=\"https:\/\/www.montrejeau-pyrenees.fr\/en\/exposition-montrejeau\/\"> Read More<span class=\"screen-reader-text\">  Read More<\/span><\/a><\/p>\n","protected":false},"author":6,"featured_media":0,"comment_status":"open","ping_status":"open","sticky":false,"template":"","format":"standard","meta":{"_exactmetrics_skip_tracking":false,"_exactmetrics_sitenote_active":false,"_exactmetrics_sitenote_note":"","_exactmetrics_sitenote_category":0,"footnotes":""},"categories":[1],"tags":[],"class_list":["post-636","post","type-post","status-publish","format-standard","hentry","category-non-classe"],"_links":{"self":[{"href":"https:\/\/www.montrejeau-pyrenees.fr\/en\/wp-json\/wp\/v2\/posts\/636","targetHints":{"allow":["GET"]}}],"collection":[{"href":"https:\/\/www.montrejeau-pyrenees.fr\/en\/wp-json\/wp\/v2\/posts"}],"about":[{"href":"https:\/\/www.montrejeau-pyrenees.fr\/en\/wp-json\/wp\/v2\/types\/post"}],"author":[{"embeddable":true,"href":"https:\/\/www.montrejeau-pyrenees.fr\/en\/wp-json\/wp\/v2\/users\/6"}],"replies":[{"embeddable":true,"href":"https:\/\/www.montrejeau-pyrenees.fr\/en\/wp-json\/wp\/v2\/comments?post=636"}],"version-history":[{"count":2,"href":"https:\/\/www.montrejeau-pyrenees.fr\/en\/wp-json\/wp\/v2\/posts\/636\/revisions"}],"predecessor-version":[{"id":639,"href":"https:\/\/www.montrejeau-pyrenees.fr\/en\/wp-json\/wp\/v2\/posts\/636\/revisions\/639"}],"wp:attachment":[{"href":"https:\/\/www.montrejeau-pyrenees.fr\/en\/wp-json\/wp\/v2\/media?parent=636"}],"wp:term":[{"taxonomy":"category","embeddable":true,"href":"https:\/\/www.montrejeau-pyrenees.fr\/en\/wp-json\/wp\/v2\/categories?post=636"},{"taxonomy":"post_tag","embeddable":true,"href":"https:\/\/www.montrejeau-pyrenees.fr\/en\/wp-json\/wp\/v2\/tags?post=636"}],"curies":[{"name":"wp","href":"https:\/\/api.w.org\/{rel}","templated":true}]}}